{"id":332,"date":"2023-10-06T10:45:59","date_gmt":"2023-10-06T13:45:59","guid":{"rendered":"https:\/\/portifolio.id3sistemas.com.br\/membros\/?p=332"},"modified":"2023-10-06T10:45:59","modified_gmt":"2023-10-06T13:45:59","slug":"fernanda-dias","status":"publish","type":"post","link":"https:\/\/portifolio.id3sistemas.com.br\/membros\/fernanda-dias\/","title":{"rendered":"Fernanda Dias"},"content":{"rendered":"\n<p><strong>Nome<\/strong>: Fernanda Dias<\/p>\n\n\n\n<p><strong>T\u00edtulo<\/strong>: Nutricionista Cl\u00ednica na Cl\u00ednica Nathy Almeida<\/p>\n\n\n\n<p><strong>Sobre Fernanda Dias:<\/strong><\/p>\n\n\n\n<p>Fernanda Dias \u00e9 uma nutricionista apaixonada por promover sa\u00fade e bem-estar por meio da alimenta\u00e7\u00e3o equilibrada. Com vasta experi\u00eancia na \u00e1rea da nutri\u00e7\u00e3o cl\u00ednica, ela \u00e9 um membro valioso da equipe da Cl\u00ednica Nathy Almeida, trabalhando lado a lado com a renomada nutricionista Nathy Almeida.<\/p>\n\n\n\n<p><strong>Educa\u00e7\u00e3o e Forma\u00e7\u00e3o:<\/strong><\/p>\n\n\n\n<p>Fernanda obteve seu diploma em Nutri\u00e7\u00e3o na Universidade Sa\u00fade e Nutri\u00e7\u00e3o, onde se destacou por sua dedica\u00e7\u00e3o aos estudos e seu compromisso com a sa\u00fade dos pacientes. Al\u00e9m de sua forma\u00e7\u00e3o inicial, ela continua a se aprimorar por meio de cursos de atualiza\u00e7\u00e3o, mantendo-se atualizada com as mais recentes descobertas em nutri\u00e7\u00e3o e sa\u00fade.<\/p>\n\n\n\n<p><strong>Experi\u00eancia Profissional:<\/strong><\/p>\n\n\n\n<p>Com uma carreira s\u00f3lida no campo da nutri\u00e7\u00e3o cl\u00ednica, Fernanda trabalhou em diversos ambientes de cuidados com a sa\u00fade, ganhando experi\u00eancia valiosa no tratamento de uma variedade de condi\u00e7\u00f5es de sa\u00fade relacionadas \u00e0 nutri\u00e7\u00e3o. Seu compromisso \u00e9 ajudar seus pacientes a alcan\u00e7arem seus objetivos de sa\u00fade de maneira realista e sustent\u00e1vel.<\/p>\n\n\n\n<p><strong>Filosofia de Trabalho:<\/strong><\/p>\n\n\n\n<p>Fernanda acredita que a nutri\u00e7\u00e3o desempenha um papel fundamental na sa\u00fade e no bem-estar de cada indiv\u00edduo. Sua abordagem \u00e9 baseada em ouvir atentamente seus pacientes, compreender suas necessidades espec\u00edficas e criar planos de nutri\u00e7\u00e3o personalizados que se adaptem ao estilo de vida de cada um.<\/p>\n\n\n\n<p>Ela est\u00e1 comprometida em fornecer orienta\u00e7\u00e3o nutricional baseada em evid\u00eancias, sempre com empatia e compreens\u00e3o, para que seus pacientes se sintam apoiados em sua jornada rumo a uma vida mais saud\u00e1vel.<\/p>\n\n\n\n<p><strong>Cl\u00ednica Nathy Almeida:<\/strong><\/p>\n\n\n\n<p>Dentro da equipe da Cl\u00ednica Nathy Almeida, Fernanda trabalha em conjunto com outros nutricionistas altamente qualificados, sob a lideran\u00e7a de Nathy Almeida. Juntos, eles oferecem programas de nutri\u00e7\u00e3o sob medida, projetados para ajudar os pacientes a alcan\u00e7arem seus objetivos de sa\u00fade, sejam eles perda de peso, controle de doen\u00e7as cr\u00f4nicas ou melhoria geral da qualidade de vida.<\/p>\n\n\n\n<p>Fernanda valoriza a import\u00e2ncia de educar seus pacientes sobre as escolhas alimentares saud\u00e1veis e fornecer o apoio necess\u00e1rio para que eles implementem essas mudan\u00e7as com sucesso em suas vidas cotidianas.<\/p>\n\n\n\n<p>Fora do consult\u00f3rio, Fernanda \u00e9 uma entusiasta da culin\u00e1ria saud\u00e1vel, adora compartilhar receitas e dicas nutricionais em suas redes sociais, inspirando outros a fazerem escolhas mais conscientes em rela\u00e7\u00e3o \u00e0 alimenta\u00e7\u00e3o e ao estilo de vida.<\/p>\n\n\n\n<p>Se voc\u00ea est\u00e1 procurando orienta\u00e7\u00e3o nutricional personalizada e deseja trabalhar com uma equipe dedicada de nutricionistas que se preocupam com sua sa\u00fade e bem-estar, a Cl\u00ednica Nathy Almeida \u00e9 o lugar certo para voc\u00ea. Junte-se a n\u00f3s na busca por uma vida mais saud\u00e1vel e equilibrada!<\/p>\n","protected":false},"excerpt":{"rendered":"<p>Nome: Fernanda Dias T\u00edtulo: Nutricionista Cl\u00ednica na Cl\u00ednica Nathy Almeida Sobre Fernanda Dias: Fernanda Dias \u00e9 uma nutricionista apaixonada por promover sa\u00fade e bem-estar por meio da alimenta\u00e7\u00e3o equilibrada. Com vasta experi\u00eancia na \u00e1rea da nutri\u00e7\u00e3o cl\u00ednica, ela \u00e9 um membro valioso da equipe da Cl\u00ednica Nathy Almeida, trabalhando lado a lado com a renomada [&hellip;]<\/p>\n","protected":false},"author":1,"featured_media":189,"comment_status":"open","ping_status":"open","sticky":false,"template":"","format":"standard","meta":{"footnotes":"","_joinchat":[]},"categories":[9],"tags":[],"_cpf_":[],"_links":{"self":[{"href":"https:\/\/portifolio.id3sistemas.com.br\/membros\/wp-json\/wp\/v2\/posts\/332"}],"collection":[{"href":"https:\/\/portifolio.id3sistemas.com.br\/membros\/wp-json\/wp\/v2\/posts"}],"about":[{"href":"https:\/\/portifolio.id3sistemas.com.br\/membros\/wp-json\/wp\/v2\/types\/post"}],"author":[{"embeddable":true,"href":"https:\/\/portifolio.id3sistemas.com.br\/membros\/wp-json\/wp\/v2\/users\/1"}],"replies":[{"embeddable":true,"href":"https:\/\/portifolio.id3sistemas.com.br\/membros\/wp-json\/wp\/v2\/comments?post=332"}],"version-history":[{"count":1,"href":"https:\/\/portifolio.id3sistemas.com.br\/membros\/wp-json\/wp\/v2\/posts\/332\/revisions"}],"predecessor-version":[{"id":333,"href":"https:\/\/portifolio.id3sistemas.com.br\/membros\/wp-json\/wp\/v2\/posts\/332\/revisions\/333"}],"wp:featuredmedia":[{"embeddable":true,"href":"https:\/\/portifolio.id3sistemas.com.br\/membros\/wp-json\/wp\/v2\/media\/189"}],"wp:attachment":[{"href":"https:\/\/portifolio.id3sistemas.com.br\/membros\/wp-json\/wp\/v2\/media?parent=332"}],"wp:term":[{"taxonomy":"category","embeddable":true,"href":"https:\/\/portifolio.id3sistemas.com.br\/membros\/wp-json\/wp\/v2\/categories?post=332"},{"taxonomy":"post_tag","embeddable":true,"href":"https:\/\/portifolio.id3sistemas.com.br\/membros\/wp-json\/wp\/v2\/tags?post=332"},{"taxonomy":"_cpf_","embeddable":true,"href":"https:\/\/portifolio.id3sistemas.com.br\/membros\/wp-json\/wp\/v2\/_cpf_?post=332"}],"curies":[{"name":"wp","href":"https:\/\/api.w.org\/{rel}","templated":true}]}}