{"id":330,"date":"2023-10-06T10:43:59","date_gmt":"2023-10-06T13:43:59","guid":{"rendered":"https:\/\/portifolio.id3sistemas.com.br\/membros\/?p=330"},"modified":"2023-10-06T15:31:39","modified_gmt":"2023-10-06T18:31:39","slug":"nathy-almeida","status":"publish","type":"post","link":"https:\/\/portifolio.id3sistemas.com.br\/membros\/nathy-almeida\/","title":{"rendered":"Nathy Almeida"},"content":{"rendered":"\n<p><strong>Nome<\/strong>: Nathy Almeida<\/p>\n\n\n\n<p><strong>T\u00edtulo<\/strong>: Nutricionista Cl\u00ednica e Diretora da Cl\u00ednica Nathy Almeida<\/p>\n\n\n\n<p><strong>Sobre Nathy Almeida:<\/strong><\/p>\n\n\n\n<p>Nathy Almeida \u00e9 uma profissional apaixonada por nutri\u00e7\u00e3o e sa\u00fade que se dedica a ajudar as pessoas a atingirem seus objetivos de bem-estar e qualidade de vida. Com uma abordagem hol\u00edstica e personalizada, ela se tornou uma figura de destaque no campo da nutri\u00e7\u00e3o cl\u00ednica e \u00e9 a diretora da renomada Cl\u00ednica Nathy Almeida.<\/p>\n\n\n\n<p><strong>Educa\u00e7\u00e3o e Forma\u00e7\u00e3o:<\/strong><\/p>\n\n\n\n<p>Nathy obteve seu diploma em Nutri\u00e7\u00e3o pela Universidade NutriSa\u00fade, onde se destacou por sua dedica\u00e7\u00e3o aos estudos e compromisso com a excel\u00eancia. Ela continua a buscar aprimoramento constante por meio de cursos de atualiza\u00e7\u00e3o e pesquisa nas \u00e1reas de nutri\u00e7\u00e3o cl\u00ednica, nutri\u00e7\u00e3o esportiva e nutri\u00e7\u00e3o comportamental.<\/p>\n\n\n\n<p><strong>Experi\u00eancia Profissional:<\/strong><\/p>\n\n\n\n<p>Com mais de uma d\u00e9cada de experi\u00eancia no campo da nutri\u00e7\u00e3o, Nathy trabalhou em diversos ambientes de atendimento de sa\u00fade, desde hospitais at\u00e9 cl\u00ednicas particulares. Sua paix\u00e3o pela nutri\u00e7\u00e3o nasceu da cren\u00e7a de que uma dieta equilibrada \u00e9 a base para uma vida saud\u00e1vel e plena.<\/p>\n\n\n\n<p><strong>Filosofia de Trabalho:<\/strong><\/p>\n\n\n\n<p>Nathy acredita que cada indiv\u00edduo \u00e9 \u00fanico, e isso se reflete em sua abordagem altamente personalizada. Ela compreende que a jornada para a sa\u00fade envolve muito mais do que apenas n\u00fameros na balan\u00e7a, e \u00e9 por isso que ela se concentra n\u00e3o apenas na dieta, mas tamb\u00e9m no relacionamento das pessoas com a comida, no gerenciamento de estresse e no bem-estar geral.<\/p>\n\n\n\n<p><strong>Cl\u00ednica Nathy Almeida:<\/strong><\/p>\n\n\n\n<p>A Cl\u00ednica Nathy Almeida, sob a lideran\u00e7a de Nathy Almeida, \u00e9 um centro de excel\u00eancia em nutri\u00e7\u00e3o que re\u00fane uma equipe dedicada de nutricionistas. Juntos, eles trabalham para oferecer programas de nutri\u00e7\u00e3o personalizados que ajudam os clientes a atingirem seus objetivos de sa\u00fade, sejam eles perda de peso, melhoria na sa\u00fade card\u00edaca, aumento de energia ou otimiza\u00e7\u00e3o do desempenho atl\u00e9tico.<\/p>\n\n\n\n<p>Nathy e sua equipe acreditam que a jornada para uma vida saud\u00e1vel deve ser agrad\u00e1vel e sustent\u00e1vel. Eles est\u00e3o empenhados em fornecer orienta\u00e7\u00e3o nutricional baseada em evid\u00eancias, sempre com um toque pessoal, de modo que cada cliente se sinta apoiado em sua busca por um estilo de vida mais saud\u00e1vel.<\/p>\n\n\n\n<p>Fora do consult\u00f3rio, Nathy \u00e9 uma entusiasta do exerc\u00edcio f\u00edsico, adora cozinhar receitas saud\u00e1veis e est\u00e1 sempre em busca das \u00faltimas tend\u00eancias em nutri\u00e7\u00e3o. Ela \u00e9 uma palestrante frequente em eventos de sa\u00fade comunit\u00e1rios e est\u00e1 comprometida em compartilhar seu conhecimento para ajudar as pessoas a viverem vidas mais saud\u00e1veis e felizes.<\/p>\n\n\n\n<p>Se voc\u00ea est\u00e1 em busca de orienta\u00e7\u00e3o nutricional personalizada e procura alcan\u00e7ar seus objetivos de sa\u00fade com o apoio de uma equipe dedicada, a Cl\u00ednica Nathy Almeida, sob a lideran\u00e7a de Nathy Almeida, \u00e9 o lugar certo para voc\u00ea. Junte-se a n\u00f3s nesta jornada em dire\u00e7\u00e3o \u00e0 sa\u00fade e ao bem-estar duradouros!<\/p>\n","protected":false},"excerpt":{"rendered":"<p>Nome: Nathy Almeida T\u00edtulo: Nutricionista Cl\u00ednica e Diretora da Cl\u00ednica Nathy Almeida Sobre Nathy Almeida: Nathy Almeida \u00e9 uma profissional apaixonada por nutri\u00e7\u00e3o e sa\u00fade que se dedica a ajudar as pessoas a atingirem seus objetivos de bem-estar e qualidade de vida. Com uma abordagem hol\u00edstica e personalizada, ela se tornou uma figura de destaque [&hellip;]<\/p>\n","protected":false},"author":1,"featured_media":426,"comment_status":"open","ping_status":"open","sticky":false,"template":"","format":"standard","meta":{"footnotes":"","_joinchat":[]},"categories":[9],"tags":[],"_cpf_":[],"_links":{"self":[{"href":"https:\/\/portifolio.id3sistemas.com.br\/membros\/wp-json\/wp\/v2\/posts\/330"}],"collection":[{"href":"https:\/\/portifolio.id3sistemas.com.br\/membros\/wp-json\/wp\/v2\/posts"}],"about":[{"href":"https:\/\/portifolio.id3sistemas.com.br\/membros\/wp-json\/wp\/v2\/types\/post"}],"author":[{"embeddable":true,"href":"https:\/\/portifolio.id3sistemas.com.br\/membros\/wp-json\/wp\/v2\/users\/1"}],"replies":[{"embeddable":true,"href":"https:\/\/portifolio.id3sistemas.com.br\/membros\/wp-json\/wp\/v2\/comments?post=330"}],"version-history":[{"count":1,"href":"https:\/\/portifolio.id3sistemas.com.br\/membros\/wp-json\/wp\/v2\/posts\/330\/revisions"}],"predecessor-version":[{"id":331,"href":"https:\/\/portifolio.id3sistemas.com.br\/membros\/wp-json\/wp\/v2\/posts\/330\/revisions\/331"}],"wp:featuredmedia":[{"embeddable":true,"href":"https:\/\/portifolio.id3sistemas.com.br\/membros\/wp-json\/wp\/v2\/media\/426"}],"wp:attachment":[{"href":"https:\/\/portifolio.id3sistemas.com.br\/membros\/wp-json\/wp\/v2\/media?parent=330"}],"wp:term":[{"taxonomy":"category","embeddable":true,"href":"https:\/\/portifolio.id3sistemas.com.br\/membros\/wp-json\/wp\/v2\/categories?post=330"},{"taxonomy":"post_tag","embeddable":true,"href":"https:\/\/portifolio.id3sistemas.com.br\/membros\/wp-json\/wp\/v2\/tags?post=330"},{"taxonomy":"_cpf_","embeddable":true,"href":"https:\/\/portifolio.id3sistemas.com.br\/membros\/wp-json\/wp\/v2\/_cpf_?post=330"}],"curies":[{"name":"wp","href":"https:\/\/api.w.org\/{rel}","templated":true}]}}